{"id":146,"date":"2014-09-18T17:54:00","date_gmt":"2014-09-18T15:54:00","guid":{"rendered":"http:\/\/jack-and-leilah-around-the-world.com\/?p=34"},"modified":"2014-09-18T17:54:00","modified_gmt":"2014-09-18T15:54:00","slug":"140-liter-rucksack-weltreise","status":"publish","type":"post","link":"https:\/\/jack-and-leilah.ch\/index.php\/2014\/09\/18\/140-liter-rucksack-weltreise\/","title":{"rendered":"140 Liter&#8230;."},"content":{"rendered":"\n<p>sind nicht gerade viel stauraum f\u00fcr die habseligkeiten von 4 personen. aber mehr werden wir wohl nicht zur verf\u00fcgung haben. <\/p>\n\n\n\n<p>aber nun von anfang an: vor knapp zwei wochen haben wir uns fr\u00fch morgens in den zug gesetzt und sind mit etwas proviant und ersatzkleidung nach z\u00fcrich gereist um uns im transa geeignete rucks\u00e4cke zu beschaffen. das t\u00f6nt ganz easy, wenn man jedoch bedenkt, dass wir f\u00fcr die paar sachen zwei handtaschen (leilah und ich), eine freitagtasche (pascal) und einen\u00a0rucksack (jack) dabei hatten, ist\u00a0das ganze nicht mehr so entspannt.\u00a0jack wollte seinen rucksack nicht selbst tragen und leilah schlief eine ganze weile auf meinem r\u00fccken und konnte ihre tasche somit auch nicht selbst tragen. <\/p>\n\n\n\n<p>also trugen wir zu zweit ganz viele taschen und ein schlafendes kind durch die grosse stadt. es war ganz sch\u00f6n anstrengend und die vorfreude auf die grosse reise hielt sich nach diesem ausflug in grenzen. die strapazen\u00a0sind in der zwischenzeit wieder vergessen und rucks\u00e4cke haben wir auch gefunden. nun stehen schon die ersten kindergartenferien vor der t\u00fcr, die erste grippe der saison ist \u00fcberstanden, jacks erste brille ausgew\u00e4hlt und auch die to-do-liste wird nicht k\u00fcrzer.<a href=\"https:\/\/jackandleilaharoundtheworld.files.wordpress.com\/2015\/01\/img_9531.jpg\"><br><br><\/a><\/p>\n","protected":false},"excerpt":{"rendered":"<p>sind nicht gerade viel stauraum f\u00fcr die habseligkeiten von 4 personen. aber mehr werden wir wohl nicht zur verf\u00fcgung haben. aber nun von anfang an: vor knapp zwei wochen haben wir uns fr\u00fch morgens in den zug gesetzt und sind mit etwas proviant und ersatzkleidung nach z\u00fcrich gereist um uns im transa geeignete rucks\u00e4cke zu [&hellip;]<\/p>\n","protected":false},"author":2,"featured_media":20793,"comment_status":"open","ping_status":"closed","sticky":false,"template":"","format":"standard","meta":{"_acf_changed":false,"footnotes":""},"categories":[18],"tags":[],"class_list":["post-146","post","type-post","status-publish","format-standard","has-post-thumbnail","hentry","category-weltreise-2015"],"acf":[],"_links":{"self":[{"href":"https:\/\/jack-and-leilah.ch\/index.php\/wp-json\/wp\/v2\/posts\/146","targetHints":{"allow":["GET"]}}],"collection":[{"href":"https:\/\/jack-and-leilah.ch\/index.php\/wp-json\/wp\/v2\/posts"}],"about":[{"href":"https:\/\/jack-and-leilah.ch\/index.php\/wp-json\/wp\/v2\/types\/post"}],"author":[{"embeddable":true,"href":"https:\/\/jack-and-leilah.ch\/index.php\/wp-json\/wp\/v2\/users\/2"}],"replies":[{"embeddable":true,"href":"https:\/\/jack-and-leilah.ch\/index.php\/wp-json\/wp\/v2\/comments?post=146"}],"version-history":[{"count":0,"href":"https:\/\/jack-and-leilah.ch\/index.php\/wp-json\/wp\/v2\/posts\/146\/revisions"}],"wp:featuredmedia":[{"embeddable":true,"href":"https:\/\/jack-and-leilah.ch\/index.php\/wp-json\/wp\/v2\/media\/20793"}],"wp:attachment":[{"href":"https:\/\/jack-and-leilah.ch\/index.php\/wp-json\/wp\/v2\/media?parent=146"}],"wp:term":[{"taxonomy":"category","embeddable":true,"href":"https:\/\/jack-and-leilah.ch\/index.php\/wp-json\/wp\/v2\/categories?post=146"},{"taxonomy":"post_tag","embeddable":true,"href":"https:\/\/jack-and-leilah.ch\/index.php\/wp-json\/wp\/v2\/tags?post=146"}],"curies":[{"name":"wp","href":"https:\/\/api.w.org\/{rel}","templated":true}]}}